{"id":2558,"date":"2024-09-06T17:48:22","date_gmt":"2024-09-06T15:48:22","guid":{"rendered":"https:\/\/www.lacalabria.net\/blog\/?p=2558"},"modified":"2024-09-13T10:56:20","modified_gmt":"2024-09-13T08:56:20","slug":"la-festa-della-madonna-di-termine","status":"publish","type":"post","link":"https:\/\/www.lacalabria.net\/blog\/?p=2558","title":{"rendered":"la Festa della Madonna di Termine"},"content":{"rendered":"\n<p class=\"wp-block-paragraph\">In questi giorni inizia la festa a noi pi\u00f9 cara, la Festa della Madonna di Termine che, come tradizione, \u00e8 seguita, il luned\u00ec successivo, dalla Festa dell&#8217;Emigrante. Un tempo, questa ultima ricorrenza era nota come la Festa dei Pentonesi perch\u00e9 in realt\u00e0 rappresentava il giorno festivo di tutti quei pentonesi che, nella settimana della festa di Termine, e soprattutto la domenica, erano impegnati nei baratti della fiera, dove si scambiavano prodotti agricoli e animali di allevamento come asini e capre. Solo il luned\u00ec potevano riposare e fare festa. I giovanotti approfittavano del tradizionale palco in piazza, costruito da mastro Nicola e Maccarrune, adibito per la festa della Madonna, e cantavano e suonavano e si divertivano con poco. Il fatto di mantenere questo giorno lavorativo come di festa, ad alcuni pentonesi cost\u00f2 il posto di lavoro, perch\u00e9 non si presentarono in cantiere (ma poi la ditta li riprese). Col tempo il paese fu sempre di pi\u00f9 caratterizzato dal fenomeno dell&#8217;emigrazione. Molti pentonesi lasciarono l&#8217;Italia o la Calabria in cerca di fortuna. Fra gli anni 70 e80, a cura della Chiesa si organizzarono le prime collette fra gli emigranti per organizzare questa ricorrenza che divenne ufficialmente Festa dell&#8217;Emigrante. Fra i tanti, cito soltanto Lamanna Vincenzo, noto a tutti come Nava Nava e Michele Marino detto e Cicila. Negli anni 80, con la costituzione della proloco, la Festa entr\u00f2 nelle sue competenze ed \u00e9 giunta a noi cosi come la viviamo. Auguro a tutti una serena festa di Termine e lunga vita alla Festa dell&#8217;Emigrante.<\/p>\n\n\n\n<figure class=\"wp-block-gallery has-nested-images columns-default is-cropped wp-block-gallery-1 is-layout-flex wp-block-gallery-is-layout-flex\">\n<figure class=\"wp-block-image size-large\"><img fetchpriority=\"high\" decoding=\"async\" width=\"1024\" height=\"813\" data-id=\"2560\" src=\"https:\/\/www.lacalabria.net\/blog\/wp-content\/uploads\/2024\/09\/la-Festa-della-Madonna-di-Termine-2-1024x813.jpg\" alt=\"\" class=\"wp-image-2560\" srcset=\"https:\/\/www.lacalabria.net\/blog\/wp-content\/uploads\/2024\/09\/la-Festa-della-Madonna-di-Termine-2-1024x813.jpg 1024w, https:\/\/www.lacalabria.net\/blog\/wp-content\/uploads\/2024\/09\/la-Festa-della-Madonna-di-Termine-2-300x238.jpg 300w, https:\/\/www.lacalabria.net\/blog\/wp-content\/uploads\/2024\/09\/la-Festa-della-Madonna-di-Termine-2-768x610.jpg 768w, https:\/\/www.lacalabria.net\/blog\/wp-content\/uploads\/2024\/09\/la-Festa-della-Madonna-di-Termine-2-1536x1220.jpg 1536w, https:\/\/www.lacalabria.net\/blog\/wp-content\/uploads\/2024\/09\/la-Festa-della-Madonna-di-Termine-2-200x159.jpg 200w, https:\/\/www.lacalabria.net\/blog\/wp-content\/uploads\/2024\/09\/la-Festa-della-Madonna-di-Termine-2.jpg 1600w\" sizes=\"(max-width: 1024px) 100vw, 1024px\" \/><\/figure>\n\n\n\n<figure class=\"wp-block-image size-large\"><img decoding=\"async\" width=\"768\" height=\"1024\" data-id=\"2559\" src=\"https:\/\/www.lacalabria.net\/blog\/wp-content\/uploads\/2024\/09\/la-Festa-della-Madonna-di-Termine-768x1024.jpg\" alt=\"\" class=\"wp-image-2559\" srcset=\"https:\/\/www.lacalabria.net\/blog\/wp-content\/uploads\/2024\/09\/la-Festa-della-Madonna-di-Termine-768x1024.jpg 768w, https:\/\/www.lacalabria.net\/blog\/wp-content\/uploads\/2024\/09\/la-Festa-della-Madonna-di-Termine-225x300.jpg 225w, https:\/\/www.lacalabria.net\/blog\/wp-content\/uploads\/2024\/09\/la-Festa-della-Madonna-di-Termine-1152x1536.jpg 1152w, https:\/\/www.lacalabria.net\/blog\/wp-content\/uploads\/2024\/09\/la-Festa-della-Madonna-di-Termine-200x267.jpg 200w, https:\/\/www.lacalabria.net\/blog\/wp-content\/uploads\/2024\/09\/la-Festa-della-Madonna-di-Termine-1024x1365.jpg 1024w, https:\/\/www.lacalabria.net\/blog\/wp-content\/uploads\/2024\/09\/la-Festa-della-Madonna-di-Termine.jpg 1536w\" sizes=\"(max-width: 768px) 100vw, 768px\" \/><\/figure>\n<\/figure>\n","protected":false},"excerpt":{"rendered":"<p>In questi giorni inizia la festa a noi pi\u00f9 cara,<\/p>\n","protected":false},"author":5,"featured_media":2559,"comment_status":"open","ping_status":"open","sticky":false,"template":"","format":"standard","meta":{"footnotes":""},"categories":[73],"tags":[131,142,143],"class_list":["post-2558","post","type-post","status-publish","format-standard","has-post-thumbnail","hentry","category-langolo-di-peppino","tag-131","tag-langolo-di-peppino","tag-racconti"],"_links":{"self":[{"href":"https:\/\/www.lacalabria.net\/blog\/index.php?rest_route=\/wp\/v2\/posts\/2558","targetHints":{"allow":["GET"]}}],"collection":[{"href":"https:\/\/www.lacalabria.net\/blog\/index.php?rest_route=\/wp\/v2\/posts"}],"about":[{"href":"https:\/\/www.lacalabria.net\/blog\/index.php?rest_route=\/wp\/v2\/types\/post"}],"author":[{"embeddable":true,"href":"https:\/\/www.lacalabria.net\/blog\/index.php?rest_route=\/wp\/v2\/users\/5"}],"replies":[{"embeddable":true,"href":"https:\/\/www.lacalabria.net\/blog\/index.php?rest_route=%2Fwp%2Fv2%2Fcomments&post=2558"}],"version-history":[{"count":1,"href":"https:\/\/www.lacalabria.net\/blog\/index.php?rest_route=\/wp\/v2\/posts\/2558\/revisions"}],"predecessor-version":[{"id":2561,"href":"https:\/\/www.lacalabria.net\/blog\/index.php?rest_route=\/wp\/v2\/posts\/2558\/revisions\/2561"}],"wp:featuredmedia":[{"embeddable":true,"href":"https:\/\/www.lacalabria.net\/blog\/index.php?rest_route=\/wp\/v2\/media\/2559"}],"wp:attachment":[{"href":"https:\/\/www.lacalabria.net\/blog\/index.php?rest_route=%2Fwp%2Fv2%2Fmedia&parent=2558"}],"wp:term":[{"taxonomy":"category","embeddable":true,"href":"https:\/\/www.lacalabria.net\/blog\/index.php?rest_route=%2Fwp%2Fv2%2Fcategories&post=2558"},{"taxonomy":"post_tag","embeddable":true,"href":"https:\/\/www.lacalabria.net\/blog\/index.php?rest_route=%2Fwp%2Fv2%2Ftags&post=2558"}],"curies":[{"name":"wp","href":"https:\/\/api.w.org\/{rel}","templated":true}]}}