{"id":4848,"date":"2025-10-20T13:19:40","date_gmt":"2025-10-20T11:19:40","guid":{"rendered":"https:\/\/www.lacalabria.net\/blog\/?p=4848"},"modified":"2025-10-20T14:35:11","modified_gmt":"2025-10-20T12:35:11","slug":"anniversario","status":"publish","type":"post","link":"https:\/\/www.lacalabria.net\/blog\/?p=4848","title":{"rendered":"Anniversario"},"content":{"rendered":"\n<p class=\"has-text-align-right wp-block-paragraph\"><strong>10 anni gi\u00e0 \u2026<\/strong><br>Scrivere per ricordare e far ricordare \u2026<br>La gratitudine filiale \u00e8 doverosa ed insopprimibile, soprattutto quando rapportata<br>a pietre miliari della nostra storia, della nostra esistenza, del nostro modo di intendere ed interpretare le mille ed una esperienze frutto del quotidiano \u2026Voglio celebrare mio padre a dieci anni esatti dal suo viaggio conclusivo od iniziatico verso l&#8217;ignoto. All&#8217;uopo ho estrapolato<br>uno scritto, parte di un lavoro pi\u00f9 complesso<br>che ripercorre le sue vicissitudini e, sottolinea,<br>le sue indubbie qualit\u00e0 morali, professionali, caratteriali ed umane.<br>(Guido&nbsp;Capilupi)<\/p>\n\n\n\n<hr class=\"wp-block-separator has-alpha-channel-opacity\"\/>\n\n\n\n<p class=\"has-text-align-right wp-block-paragraph\"><strong>Negli occhi di mio padre<\/strong><br>E gli occhi di mio padre dove sono finiti!?\u2026<br>Quegli occhi vispi e votati alla conoscenza,<br>che hanno incontrato fieramente le acque scure dell&#8217;Atlantico, durante una traversata a bordo delle stupenda Motonave, &#8220;Raffaello&#8221; , simbolo, insieme alla gemella &#8220;Michelangelo&#8221; della rinascita tricolore del Dopoguerra \u2026<br>(Uno degli ultimi flussi migratori si perpetr\u00f2, appunto, attraverso quei mezzi e quella rotta verso le Americhe durante gli anni Cinquanta e Sessanta del secolo scorso. Lui, in quella fortunata ed arricchente occasione, era un semplice Borgomastro di provincia ospite di compaesani oramai gi\u00e0 polpa della &#8220;Grande Mela&#8221; \u2026)<br>Quegli occhi che hanno preso per mano schiere di alunni per condurli fuori porta, nelle passeggiate primaverili di stampo didattico \u2026<br>Quegli occhi che si sono inumiditi nel seguire,<br>nascostamente, un figlio impegnato in un&#8217; umile mansione lavorativa \u2026<br>Cosa trasmettono!? Cosa inquadrano in tempo reale!?\u2026si chieder\u00e0 lo scombussolato lettore, sorpreso e un tantino contrariato dall&#8217;andamento probabilmente disassato di questa narrazione ..:<br>Come tutti quelli su cui si chiudono, per sempre,<br>le fredde e pesanti palpebre della morte,<br>saranno stati bruciati in maniera irreversibile<br>da un bacino distruttivo!? O non piuttosto, come tutti quelli che si rianimano, e brillano e indagano e si perdono alla supposta, consolante, rivivificante fonte di luce nuova, stavolta, si spera e si prega inesauribile, avranno guadagnato l&#8217;immortalit\u00e0!? \u2026<br>&#8220;\u00c8 il pensiero che genera la materia&#8221;<br>non viceversa \u2026;<br>dibatteva Giordano Bruno: e le sue erano proiezioni filosofiche su scenari e comportamenti futuri auspicabili<br>per una migliore comprensione e gestione<br>dell&#8217;esistere \u2026<br>Trattasi, dunque, di una successione<br>consequenziale attiva che dar\u00e0 i suoi frutti.<br>Quei frutti cresciuti sui rami pi\u00f9 alti,<br>pi\u00f9 esposti agli elementi, ma baciati generosamente dal sole \u2026<br>Noi siamo, proprio, figli di un passato il cui ordito \u00e8 stato intessuto da mani callose, saggezza antica e pervicacia di genti.<br>Noi siamo figli di ideali nobili e di semi di bellezza e di bont\u00e0 piantati in profondit\u00e0<br>e nutriti con cura e amore.<br>Noi siamo, la maggior parte delle volte,<br>quel che decidiamo di essere<br>e di rimanere!<br>Non dimentichiamolo&nbsp;\u2026<\/p>\n\n\n\n<p class=\"has-text-align-right wp-block-paragraph\">(Guido&nbsp;Capilupi)<\/p>\n\n\n\n<p class=\"wp-block-paragraph\"><\/p>\n","protected":false},"excerpt":{"rendered":"<p>10 anni gi\u00e0 \u2026Scrivere per ricordare e far ricordare \u2026La<\/p>\n","protected":false},"author":10,"featured_media":4849,"comment_status":"open","ping_status":"open","sticky":false,"template":"","format":"standard","meta":{"footnotes":""},"categories":[151],"tags":[200,203,149],"class_list":["post-4848","post","type-post","status-publish","format-standard","has-post-thumbnail","hentry","category-testi-su-pentone","tag-200","tag-guido-capilupi","tag-poesie"],"_links":{"self":[{"href":"https:\/\/www.lacalabria.net\/blog\/index.php?rest_route=\/wp\/v2\/posts\/4848","targetHints":{"allow":["GET"]}}],"collection":[{"href":"https:\/\/www.lacalabria.net\/blog\/index.php?rest_route=\/wp\/v2\/posts"}],"about":[{"href":"https:\/\/www.lacalabria.net\/blog\/index.php?rest_route=\/wp\/v2\/types\/post"}],"author":[{"embeddable":true,"href":"https:\/\/www.lacalabria.net\/blog\/index.php?rest_route=\/wp\/v2\/users\/10"}],"replies":[{"embeddable":true,"href":"https:\/\/www.lacalabria.net\/blog\/index.php?rest_route=%2Fwp%2Fv2%2Fcomments&post=4848"}],"version-history":[{"count":2,"href":"https:\/\/www.lacalabria.net\/blog\/index.php?rest_route=\/wp\/v2\/posts\/4848\/revisions"}],"predecessor-version":[{"id":4851,"href":"https:\/\/www.lacalabria.net\/blog\/index.php?rest_route=\/wp\/v2\/posts\/4848\/revisions\/4851"}],"wp:featuredmedia":[{"embeddable":true,"href":"https:\/\/www.lacalabria.net\/blog\/index.php?rest_route=\/wp\/v2\/media\/4849"}],"wp:attachment":[{"href":"https:\/\/www.lacalabria.net\/blog\/index.php?rest_route=%2Fwp%2Fv2%2Fmedia&parent=4848"}],"wp:term":[{"taxonomy":"category","embeddable":true,"href":"https:\/\/www.lacalabria.net\/blog\/index.php?rest_route=%2Fwp%2Fv2%2Fcategories&post=4848"},{"taxonomy":"post_tag","embeddable":true,"href":"https:\/\/www.lacalabria.net\/blog\/index.php?rest_route=%2Fwp%2Fv2%2Ftags&post=4848"}],"curies":[{"name":"wp","href":"https:\/\/api.w.org\/{rel}","templated":true}]}}