{"id":5403,"date":"2026-08-24T09:54:27","date_gmt":"2026-08-24T07:54:27","guid":{"rendered":"https:\/\/www.lacalabria.net\/blog\/?p=5403"},"modified":"2026-08-24T09:54:28","modified_gmt":"2026-08-24T07:54:28","slug":"campo-estivo-2026","status":"publish","type":"post","link":"https:\/\/www.lacalabria.net\/blog\/?p=5403","title":{"rendered":"Campo estivo 2026"},"content":{"rendered":"<p class=\"isSelectedEnd\" style=\"text-align: justify\">Si \u00e8 svolto dal 10 al 14 agosto il <strong>Centro Estivo 2026<\/strong>, un percorso pensato per offrire ai bambini e alle bambine giornate all\u2019insegna del divertimento, della creativit\u00e0, della socializzazione e della scoperta della natura.<\/p>\n<p class=\"isSelectedEnd\" style=\"text-align: justify\">Il programma \u00e8 stato articolato attorno ai cinque elementi, <strong>Terra, Acqua, Fuoco, Aria ed Etere,<\/strong>\u00a0che hanno accompagnato i partecipanti in un viaggio fatto di laboratori, giochi di squadra, attivit\u00e0 all\u2019aperto e momenti di condivisione.<\/p>\n<p style=\"text-align: justify\">Ogni giornata \u00e8 stata caratterizzata da un tema specifico e da attivit\u00e0 pensate per stimolare la fantasia e la partecipazione dei pi\u00f9 piccoli, alternando momenti di accoglienza e movimento, come lo yoga, ad attivit\u00e0 laboratoriali e giochi collettivi.<\/p>\n\n<h2 style=\"text-align: justify\">Luned\u00ec 10 agosto \u2013 TERRA<\/h2>\n<p class=\"isSelectedEnd\" style=\"text-align: justify\">Il Centro Estivo ha preso il via luned\u00ec 10 agosto con la giornata dedicata alla <strong>Terra<\/strong>, presso la scuola elementare di via Aldo Moro.<\/p>\n<p class=\"isSelectedEnd\" style=\"text-align: justify\">Dopo l\u2019accoglienza dei partecipanti, la giornata \u00e8 iniziata con un momento dedicato allo yoga, pensato per favorire il movimento e la concentrazione.<\/p>\n<p class=\"isSelectedEnd\" style=\"text-align: justify\">A seguire, dopo la merenda, i bambini hanno partecipato a un laboratorio creativo dedicato alla natura e al riciclo. Tra le attivit\u00e0 proposte, la realizzazione di collage con materiali naturali e argilla e la costruzione di cestini utilizzando materiali di riciclo.<\/p>\n<p style=\"text-align: justify\">La giornata si \u00e8 conclusa con il gioco-sfida di squadra \u201cScopriamo il riciclo\u201d, una rivisitazione del tradizionale gioco del fazzoletto, attraverso il quale i bambini hanno potuto divertirsi imparando al tempo stesso l&#8217;importanza del riciclo e del rispetto dell&#8217;ambiente.<\/p>\n\n\n<div data-video-id=\"28\" class=\"wp-block-html5-player-video html5_video_players\" data-attributes=\"{&quot;imported&quot;:true,&quot;uniqueId&quot;:&quot;h5vp5336812e&quot;,&quot;source&quot;:&quot;https:\\\/\\\/www.lacalabria.net\\\/blog\\\/wp-content\\\/uploads\\\/2026\\\/08\\\/PRIMA-GIORNATA-ELEMENTO-TERRA-CHIUSO-CON-SUCCESSO-\\ud83c\\udf31\\ud83d\\udca5Abbiamo-ufficialmente-aperto-le-danze-co.mp4&quot;,&quot;options&quot;:{&quot;controls&quot;:[&quot;play-large&quot;,&quot;play&quot;,&quot;progress&quot;,&quot;current-time&quot;,&quot;mute&quot;,&quot;volume&quot;,&quot;settings&quot;,&quot;fullscreen&quot;],&quot;settings&quot;:[&quot;captions&quot;,&quot;quality&quot;,&quot;speed&quot;,&quot;loop&quot;],&quot;loadSprite&quot;:true,&quot;autoplay&quot;:false,&quot;volume&quot;:1,&quot;muted&quot;:false,&quot;hideControls&quot;:true,&quot;resetOnEnd&quot;:false,&quot;tooltips&quot;:{&quot;controls&quot;:true,&quot;seek&quot;:true},&quot;captions&quot;:{&quot;active&quot;:true,&quot;language&quot;:&quot;auto&quot;,&quot;update&quot;:true},&quot;ratio&quot;:null,&quot;storage&quot;:{&quot;enabled&quot;:true,&quot;key&quot;:&quot;plyr&quot;},&quot;speed&quot;:{&quot;options&quot;:[0.5,0.75,1,1.25,1.5,1.75,2]},&quot;loop&quot;:{&quot;active&quot;:false},&quot;ads&quot;:{&quot;enabled&quot;:true,&quot;tagUrl&quot;:null},&quot;urls&quot;:{&quot;enabled&quot;:false,&quot;download&quot;:null},&quot;markers&quot;:{&quot;enabled&quot;:false,&quot;points&quot;:[]},&quot;imported&quot;:true},&quot;styles&quot;:{&quot;plyr_wrapper&quot;:{&quot;width&quot;:&quot;100%&quot;},&quot;plyr&quot;:{&quot;borderRadius&quot;:&quot;0px&quot;},&quot;.plyr&quot;:{&quot;--plyr-color-main&quot;:&quot;#00b2ff&quot;}},&quot;width&quot;:{&quot;deprecated&quot;:true,&quot;number&quot;:100,&quot;unit&quot;:&quot;%&quot;,&quot;isDeprecated&quot;:true},&quot;provider&quot;:&quot;self-hosted&quot;,&quot;skin&quot;:&quot;default&quot;,&quot;poster&quot;:&quot;&quot;,&quot;subtitle&quot;:[],&quot;controls&quot;:{&quot;play-large&quot;:true,&quot;restart&quot;:false,&quot;rewind&quot;:false,&quot;play&quot;:true,&quot;fast-forward&quot;:false,&quot;progress&quot;:true,&quot;current-time&quot;:true,&quot;duration&quot;:false,&quot;mute&quot;:true,&quot;volume&quot;:true,&quot;pip&quot;:false,&quot;airplay&quot;:false,&quot;settings&quot;:true,&quot;downlaod&quot;:false,&quot;fullscreen&quot;:true},&quot;brandColor&quot;:&quot;#00B3FF&quot;,&quot;radius&quot;:{&quot;number&quot;:0,&quot;unit&quot;:&quot;px&quot;},&quot;repeat&quot;:false,&quot;autoplay&quot;:false,&quot;muted&quot;:false,&quot;playsinline&quot;:false,&quot;resetOnEnd&quot;:false,&quot;autoHideControl&quot;:true,&quot;preload&quot;:&quot;metadata&quot;,&quot;features&quot;:{&quot;passwordProtected&quot;:{&quot;password&quot;:null}},&quot;video_id&quot;:28}\">\n<\/div>\n\n<h2 style=\"text-align: justify\">Marted\u00ec 11 agosto \u2013 ACQUA<\/h2>\n<p class=\"isSelectedEnd\" style=\"text-align: justify\">Marted\u00ec 11 agosto il tema della giornata \u00e8 stato l\u2019elemento <strong>Acqua<\/strong>.\u00a0Dopo l\u2019accoglienza e il consueto momento di yoga, i bambini hanno avuto a disposizione un momento di pausa con la merenda.<\/p>\n<p class=\"isSelectedEnd\" style=\"text-align: justify\">Il laboratorio della giornata \u00e8 stato dedicato alla costruzione di barchette, un\u2019attivit\u00e0 manuale che ha permesso ai partecipanti di mettere alla prova creativit\u00e0 e manualit\u00e0.<\/p>\n<p style=\"text-align: justify\">Non sono mancati i giochi di squadra: il pomeriggio si \u00e8 animato con una vera e propria gara nautica, accompagnata da diversi giochi d\u2019acqua, per una giornata all\u2019insegna del divertimento e della collaborazione.<\/p>\n\n\n<div data-video-id=\"29\" class=\"wp-block-html5-player-video html5_video_players\" data-attributes=\"{&quot;imported&quot;:true,&quot;uniqueId&quot;:&quot;h5vp0ec8e6f7&quot;,&quot;source&quot;:&quot;https:\\\/\\\/www.lacalabria.net\\\/blog\\\/wp-content\\\/uploads\\\/2026\\\/08\\\/GIORNO-2-ONDATA-DI-DIVERTIMENTO-CON-LELEMENTO-ACQUA-\\ud83d\\udca7\\ud83c\\udf0aDopo-aver-messo-radici-ieri-con-la-Te.mp4&quot;,&quot;options&quot;:{&quot;controls&quot;:[&quot;play-large&quot;,&quot;play&quot;,&quot;progress&quot;,&quot;current-time&quot;,&quot;mute&quot;,&quot;volume&quot;,&quot;settings&quot;,&quot;fullscreen&quot;],&quot;settings&quot;:[&quot;captions&quot;,&quot;quality&quot;,&quot;speed&quot;,&quot;loop&quot;],&quot;loadSprite&quot;:true,&quot;autoplay&quot;:false,&quot;volume&quot;:1,&quot;muted&quot;:false,&quot;hideControls&quot;:true,&quot;resetOnEnd&quot;:false,&quot;tooltips&quot;:{&quot;controls&quot;:true,&quot;seek&quot;:true},&quot;captions&quot;:{&quot;active&quot;:true,&quot;language&quot;:&quot;auto&quot;,&quot;update&quot;:true},&quot;ratio&quot;:null,&quot;storage&quot;:{&quot;enabled&quot;:true,&quot;key&quot;:&quot;plyr&quot;},&quot;speed&quot;:{&quot;options&quot;:[0.5,0.75,1,1.25,1.5,1.75,2]},&quot;loop&quot;:{&quot;active&quot;:false},&quot;ads&quot;:{&quot;enabled&quot;:true,&quot;tagUrl&quot;:null},&quot;urls&quot;:{&quot;enabled&quot;:false,&quot;download&quot;:null},&quot;markers&quot;:{&quot;enabled&quot;:false,&quot;points&quot;:[]},&quot;imported&quot;:true},&quot;styles&quot;:{&quot;plyr_wrapper&quot;:{&quot;width&quot;:&quot;100%&quot;},&quot;plyr&quot;:{&quot;borderRadius&quot;:&quot;0px&quot;},&quot;.plyr&quot;:{&quot;--plyr-color-main&quot;:&quot;#00b2ff&quot;}},&quot;width&quot;:{&quot;deprecated&quot;:true,&quot;number&quot;:100,&quot;unit&quot;:&quot;%&quot;,&quot;isDeprecated&quot;:true},&quot;provider&quot;:&quot;self-hosted&quot;,&quot;skin&quot;:&quot;default&quot;,&quot;poster&quot;:&quot;&quot;,&quot;subtitle&quot;:[],&quot;controls&quot;:{&quot;play-large&quot;:true,&quot;restart&quot;:false,&quot;rewind&quot;:false,&quot;play&quot;:true,&quot;fast-forward&quot;:false,&quot;progress&quot;:true,&quot;current-time&quot;:true,&quot;duration&quot;:false,&quot;mute&quot;:true,&quot;volume&quot;:true,&quot;pip&quot;:false,&quot;airplay&quot;:false,&quot;settings&quot;:true,&quot;downlaod&quot;:false,&quot;fullscreen&quot;:true},&quot;brandColor&quot;:&quot;#00B3FF&quot;,&quot;radius&quot;:{&quot;number&quot;:0,&quot;unit&quot;:&quot;px&quot;},&quot;repeat&quot;:false,&quot;autoplay&quot;:false,&quot;muted&quot;:false,&quot;playsinline&quot;:false,&quot;resetOnEnd&quot;:false,&quot;autoHideControl&quot;:true,&quot;preload&quot;:&quot;metadata&quot;,&quot;features&quot;:{&quot;passwordProtected&quot;:{&quot;password&quot;:null}},&quot;video_id&quot;:29}\">\n<\/div>\n\n<h2 style=\"text-align: justify\">Mercoled\u00ec 12 agosto \u2013 FUOCO<\/h2>\n<p class=\"isSelectedEnd\" style=\"text-align: justify\">La terza giornata, dedicata al <strong>Fuoco<\/strong>, ha previsto un&#8217;uscita fuori dalla scuola. Il ritrovo \u00e8 stato fissato alle 8.30 presso la scuola elementare di via Aldo Moro, da dove il gruppo \u00e8 partito alla volta della Fattoria presso Sant\u2019Elia.<\/p>\n<p class=\"isSelectedEnd\" style=\"text-align: justify\">Dopo l\u2019accoglienza e il momento di yoga, i partecipanti hanno preso parte alle attivit\u00e0 organizzate dalla fattoria.<\/p>\n<p class=\"isSelectedEnd\" style=\"text-align: justify\">I bambini hanno scoperto i segreti delle api, si sono messi all\u2019opera lavorando la cera d\u2019api con le loro mani e hanno chiuso la giornata con la merenda pi\u00f9 buona di sempre: pane e miele a km zero!<\/p>\n\n\n<div data-video-id=\"30\" class=\"wp-block-html5-player-video html5_video_players\" data-attributes=\"{&quot;imported&quot;:true,&quot;uniqueId&quot;:&quot;h5vpfb74c135&quot;,&quot;source&quot;:&quot;https:\\\/\\\/www.lacalabria.net\\\/blog\\\/wp-content\\\/uploads\\\/2026\\\/08\\\/GIORNO-3-ENERGIA-E-CALORE-CON-LELEMENTO-FUOCO-\\ud83d\\udd25\\ud83d\\udc1dOggi-la-SFIDA-DEI-5-ELEMENTI-si-e-accesa-di.mp4&quot;,&quot;options&quot;:{&quot;controls&quot;:[&quot;play-large&quot;,&quot;play&quot;,&quot;progress&quot;,&quot;current-time&quot;,&quot;mute&quot;,&quot;volume&quot;,&quot;settings&quot;,&quot;fullscreen&quot;],&quot;settings&quot;:[&quot;captions&quot;,&quot;quality&quot;,&quot;speed&quot;,&quot;loop&quot;],&quot;loadSprite&quot;:true,&quot;autoplay&quot;:false,&quot;volume&quot;:1,&quot;muted&quot;:false,&quot;hideControls&quot;:true,&quot;resetOnEnd&quot;:false,&quot;tooltips&quot;:{&quot;controls&quot;:true,&quot;seek&quot;:true},&quot;captions&quot;:{&quot;active&quot;:true,&quot;language&quot;:&quot;auto&quot;,&quot;update&quot;:true},&quot;ratio&quot;:null,&quot;storage&quot;:{&quot;enabled&quot;:true,&quot;key&quot;:&quot;plyr&quot;},&quot;speed&quot;:{&quot;options&quot;:[0.5,0.75,1,1.25,1.5,1.75,2]},&quot;loop&quot;:{&quot;active&quot;:false},&quot;ads&quot;:{&quot;enabled&quot;:true,&quot;tagUrl&quot;:null},&quot;urls&quot;:{&quot;enabled&quot;:false,&quot;download&quot;:null},&quot;markers&quot;:{&quot;enabled&quot;:false,&quot;points&quot;:[]},&quot;imported&quot;:true},&quot;styles&quot;:{&quot;plyr_wrapper&quot;:{&quot;width&quot;:&quot;100%&quot;},&quot;plyr&quot;:{&quot;borderRadius&quot;:&quot;0px&quot;},&quot;.plyr&quot;:{&quot;--plyr-color-main&quot;:&quot;#00b2ff&quot;}},&quot;width&quot;:{&quot;deprecated&quot;:true,&quot;number&quot;:100,&quot;unit&quot;:&quot;%&quot;,&quot;isDeprecated&quot;:true},&quot;provider&quot;:&quot;self-hosted&quot;,&quot;skin&quot;:&quot;default&quot;,&quot;poster&quot;:&quot;&quot;,&quot;subtitle&quot;:[],&quot;controls&quot;:{&quot;play-large&quot;:true,&quot;restart&quot;:false,&quot;rewind&quot;:false,&quot;play&quot;:true,&quot;fast-forward&quot;:false,&quot;progress&quot;:true,&quot;current-time&quot;:true,&quot;duration&quot;:false,&quot;mute&quot;:true,&quot;volume&quot;:true,&quot;pip&quot;:false,&quot;airplay&quot;:false,&quot;settings&quot;:true,&quot;downlaod&quot;:false,&quot;fullscreen&quot;:true},&quot;brandColor&quot;:&quot;#00B3FF&quot;,&quot;radius&quot;:{&quot;number&quot;:0,&quot;unit&quot;:&quot;px&quot;},&quot;repeat&quot;:false,&quot;autoplay&quot;:false,&quot;muted&quot;:false,&quot;playsinline&quot;:false,&quot;resetOnEnd&quot;:false,&quot;autoHideControl&quot;:true,&quot;preload&quot;:&quot;metadata&quot;,&quot;features&quot;:{&quot;passwordProtected&quot;:{&quot;password&quot;:null}},&quot;video_id&quot;:30}\">\n<\/div>\n\n<h2 style=\"text-align: justify\">Gioved\u00ec 13 agosto \u2013 ARIA<\/h2>\n<p class=\"isSelectedEnd\" style=\"text-align: justify\">Gioved\u00ec 13 agosto il percorso \u00e8 proseguito con la giornata dedicata all&#8217;<strong>Aria<\/strong>, nuovamente presso la scuola.<\/p>\n<p class=\"isSelectedEnd\" style=\"text-align: justify\">Dopo l\u2019accoglienza e lo yoga, i bambini hanno avuto modo di dedicarsi alla merenda e, successivamente, a un laboratorio creativo dedicato proprio all\u2019elemento protagonista della giornata.<\/p>\n<p class=\"isSelectedEnd\" style=\"text-align: justify\">Sono state realizzate girandole e aeroplani, mettendo alla prova fantasia, precisione e abilit\u00e0 manuali.<\/p>\n<p style=\"text-align: justify\">A completare la giornata sono state le \u201cSfide aeree\u201d, giochi e prove di squadra ispirati al tema dell\u2019aria, che hanno coinvolto i partecipanti in un momento di sano divertimento e collaborazione.<\/p>\n\n\n<div data-video-id=\"31\" class=\"wp-block-html5-player-video html5_video_players\" data-attributes=\"{&quot;imported&quot;:true,&quot;uniqueId&quot;:&quot;h5vp3f074f80&quot;,&quot;source&quot;:&quot;https:\\\/\\\/www.lacalabria.net\\\/blog\\\/wp-content\\\/uploads\\\/2026\\\/08\\\/GIORNO-4-SI-VOLA-ALTO-CON-LELEMENTO-ARIA-\\ud83c\\udf00\\ud83d\\udca8\\u2728Oggi-alla-SFIDA-DEI-5-ELEMENTI-abbiamo-staccato.mp4&quot;,&quot;options&quot;:{&quot;controls&quot;:[&quot;play-large&quot;,&quot;play&quot;,&quot;progress&quot;,&quot;current-time&quot;,&quot;mute&quot;,&quot;volume&quot;,&quot;settings&quot;,&quot;fullscreen&quot;],&quot;settings&quot;:[&quot;captions&quot;,&quot;quality&quot;,&quot;speed&quot;,&quot;loop&quot;],&quot;loadSprite&quot;:true,&quot;autoplay&quot;:false,&quot;volume&quot;:1,&quot;muted&quot;:false,&quot;hideControls&quot;:true,&quot;resetOnEnd&quot;:false,&quot;tooltips&quot;:{&quot;controls&quot;:true,&quot;seek&quot;:true},&quot;captions&quot;:{&quot;active&quot;:true,&quot;language&quot;:&quot;auto&quot;,&quot;update&quot;:true},&quot;ratio&quot;:null,&quot;storage&quot;:{&quot;enabled&quot;:true,&quot;key&quot;:&quot;plyr&quot;},&quot;speed&quot;:{&quot;options&quot;:[0.5,0.75,1,1.25,1.5,1.75,2]},&quot;loop&quot;:{&quot;active&quot;:false},&quot;ads&quot;:{&quot;enabled&quot;:true,&quot;tagUrl&quot;:null},&quot;urls&quot;:{&quot;enabled&quot;:false,&quot;download&quot;:null},&quot;markers&quot;:{&quot;enabled&quot;:false,&quot;points&quot;:[]},&quot;imported&quot;:true},&quot;styles&quot;:{&quot;plyr_wrapper&quot;:{&quot;width&quot;:&quot;100%&quot;},&quot;plyr&quot;:{&quot;borderRadius&quot;:&quot;0px&quot;},&quot;.plyr&quot;:{&quot;--plyr-color-main&quot;:&quot;#00b2ff&quot;}},&quot;width&quot;:{&quot;deprecated&quot;:true,&quot;number&quot;:100,&quot;unit&quot;:&quot;%&quot;,&quot;isDeprecated&quot;:true},&quot;provider&quot;:&quot;self-hosted&quot;,&quot;skin&quot;:&quot;default&quot;,&quot;poster&quot;:&quot;&quot;,&quot;subtitle&quot;:[],&quot;controls&quot;:{&quot;play-large&quot;:true,&quot;restart&quot;:false,&quot;rewind&quot;:false,&quot;play&quot;:true,&quot;fast-forward&quot;:false,&quot;progress&quot;:true,&quot;current-time&quot;:true,&quot;duration&quot;:false,&quot;mute&quot;:true,&quot;volume&quot;:true,&quot;pip&quot;:false,&quot;airplay&quot;:false,&quot;settings&quot;:true,&quot;downlaod&quot;:false,&quot;fullscreen&quot;:true},&quot;brandColor&quot;:&quot;#00B3FF&quot;,&quot;radius&quot;:{&quot;number&quot;:0,&quot;unit&quot;:&quot;px&quot;},&quot;repeat&quot;:false,&quot;autoplay&quot;:false,&quot;muted&quot;:false,&quot;playsinline&quot;:false,&quot;resetOnEnd&quot;:false,&quot;autoHideControl&quot;:true,&quot;preload&quot;:&quot;metadata&quot;,&quot;features&quot;:{&quot;passwordProtected&quot;:{&quot;password&quot;:null}},&quot;video_id&quot;:31}\">\n<\/div>\n\n<h2 style=\"text-align: justify\">Venerd\u00ec 14 agosto \u2013 ETERE<\/h2>\n<p class=\"isSelectedEnd\" style=\"text-align: justify\">A chiudere il Centro Estivo 2026 \u00e8 stata la giornata dedicata all\u2019Etere, organizzata nella mattinata di venerd\u00ec 14 agosto.<\/p>\n<p class=\"isSelectedEnd\" style=\"text-align: justify\">Il ritrovo \u00e8 stato fissato alle 8.30 presso la scuola elementare di via Aldo Moro, da dove il gruppo si \u00e8 poi spostato verso l\u2019Anfiteatro Mino Reitano.<\/p>\n<p class=\"isSelectedEnd\" style=\"text-align: justify\">Dopo l\u2019accoglienza e il momento di yoga, i bambini hanno partecipato a un laboratorio dedicato alle emozioni e ai desideri, attraverso la realizzazione\u00a0della \u201cCapsula dei sogni\u201d.<\/p>\n<p style=\"text-align: justify\">Il percorso si \u00e8 concluso con un momento di festa: presso l\u2019anfiteatro \u00e8 stato organizzato un party merenda a tema luna park, pensato per salutare i partecipanti e concludere in allegria le cinque giornate del Centro Estivo.<\/p>\n\n\n<div data-video-id=\"32\" class=\"wp-block-html5-player-video html5_video_players\" data-attributes=\"{&quot;imported&quot;:true,&quot;uniqueId&quot;:&quot;h5vp208e4bbb&quot;,&quot;source&quot;:&quot;https:\\\/\\\/www.lacalabria.net\\\/blog\\\/wp-content\\\/uploads\\\/2026\\\/08\\\/Terra-\\ud83c\\udf31-Acqua-\\ud83d\\udca7-Fuoco-\\ud83d\\udd25-Aria-\\ud83c\\udf00.-e-oggi-finalmente-abbiamo-completato-la-mappa-con-LETE.mp4&quot;,&quot;options&quot;:{&quot;controls&quot;:[&quot;play-large&quot;,&quot;play&quot;,&quot;progress&quot;,&quot;current-time&quot;,&quot;mute&quot;,&quot;volume&quot;,&quot;settings&quot;,&quot;fullscreen&quot;],&quot;settings&quot;:[&quot;captions&quot;,&quot;quality&quot;,&quot;speed&quot;,&quot;loop&quot;],&quot;loadSprite&quot;:true,&quot;autoplay&quot;:false,&quot;volume&quot;:1,&quot;muted&quot;:false,&quot;hideControls&quot;:true,&quot;resetOnEnd&quot;:false,&quot;tooltips&quot;:{&quot;controls&quot;:true,&quot;seek&quot;:true},&quot;captions&quot;:{&quot;active&quot;:true,&quot;language&quot;:&quot;auto&quot;,&quot;update&quot;:true},&quot;ratio&quot;:null,&quot;storage&quot;:{&quot;enabled&quot;:true,&quot;key&quot;:&quot;plyr&quot;},&quot;speed&quot;:{&quot;options&quot;:[0.5,0.75,1,1.25,1.5,1.75,2]},&quot;loop&quot;:{&quot;active&quot;:false},&quot;ads&quot;:{&quot;enabled&quot;:true,&quot;tagUrl&quot;:null},&quot;urls&quot;:{&quot;enabled&quot;:false,&quot;download&quot;:null},&quot;markers&quot;:{&quot;enabled&quot;:false,&quot;points&quot;:[]},&quot;imported&quot;:true},&quot;styles&quot;:{&quot;plyr_wrapper&quot;:{&quot;width&quot;:&quot;100%&quot;},&quot;plyr&quot;:{&quot;borderRadius&quot;:&quot;0px&quot;},&quot;.plyr&quot;:{&quot;--plyr-color-main&quot;:&quot;#00b2ff&quot;}},&quot;width&quot;:{&quot;deprecated&quot;:true,&quot;number&quot;:100,&quot;unit&quot;:&quot;%&quot;,&quot;isDeprecated&quot;:true},&quot;provider&quot;:&quot;self-hosted&quot;,&quot;skin&quot;:&quot;default&quot;,&quot;poster&quot;:&quot;&quot;,&quot;subtitle&quot;:[],&quot;controls&quot;:{&quot;play-large&quot;:true,&quot;restart&quot;:false,&quot;rewind&quot;:false,&quot;play&quot;:true,&quot;fast-forward&quot;:false,&quot;progress&quot;:true,&quot;current-time&quot;:true,&quot;duration&quot;:false,&quot;mute&quot;:true,&quot;volume&quot;:true,&quot;pip&quot;:false,&quot;airplay&quot;:false,&quot;settings&quot;:true,&quot;downlaod&quot;:false,&quot;fullscreen&quot;:true},&quot;brandColor&quot;:&quot;#00B3FF&quot;,&quot;radius&quot;:{&quot;number&quot;:0,&quot;unit&quot;:&quot;px&quot;},&quot;repeat&quot;:false,&quot;autoplay&quot;:false,&quot;muted&quot;:false,&quot;playsinline&quot;:false,&quot;resetOnEnd&quot;:false,&quot;autoHideControl&quot;:true,&quot;preload&quot;:&quot;metadata&quot;,&quot;features&quot;:{&quot;passwordProtected&quot;:{&quot;password&quot;:null}},&quot;video_id&quot;:32}\">\n<\/div>","protected":false},"excerpt":{"rendered":"<p>Si \u00e8 svolto dal 10 al 14 agosto il Centro<\/p>\n","protected":false},"author":14,"featured_media":5412,"comment_status":"open","ping_status":"open","sticky":false,"template":"","format":"standard","meta":{"footnotes":""},"categories":[217],"tags":[],"class_list":["post-5403","post","type-post","status-publish","format-standard","has-post-thumbnail","hentry","category-servizio-civile-pentone"],"_links":{"self":[{"href":"https:\/\/www.lacalabria.net\/blog\/index.php?rest_route=\/wp\/v2\/posts\/5403","targetHints":{"allow":["GET"]}}],"collection":[{"href":"https:\/\/www.lacalabria.net\/blog\/index.php?rest_route=\/wp\/v2\/posts"}],"about":[{"href":"https:\/\/www.lacalabria.net\/blog\/index.php?rest_route=\/wp\/v2\/types\/post"}],"author":[{"embeddable":true,"href":"https:\/\/www.lacalabria.net\/blog\/index.php?rest_route=\/wp\/v2\/users\/14"}],"replies":[{"embeddable":true,"href":"https:\/\/www.lacalabria.net\/blog\/index.php?rest_route=%2Fwp%2Fv2%2Fcomments&post=5403"}],"version-history":[{"count":1,"href":"https:\/\/www.lacalabria.net\/blog\/index.php?rest_route=\/wp\/v2\/posts\/5403\/revisions"}],"predecessor-version":[{"id":5414,"href":"https:\/\/www.lacalabria.net\/blog\/index.php?rest_route=\/wp\/v2\/posts\/5403\/revisions\/5414"}],"wp:featuredmedia":[{"embeddable":true,"href":"https:\/\/www.lacalabria.net\/blog\/index.php?rest_route=\/wp\/v2\/media\/5412"}],"wp:attachment":[{"href":"https:\/\/www.lacalabria.net\/blog\/index.php?rest_route=%2Fwp%2Fv2%2Fmedia&parent=5403"}],"wp:term":[{"taxonomy":"category","embeddable":true,"href":"https:\/\/www.lacalabria.net\/blog\/index.php?rest_route=%2Fwp%2Fv2%2Fcategories&post=5403"},{"taxonomy":"post_tag","embeddable":true,"href":"https:\/\/www.lacalabria.net\/blog\/index.php?rest_route=%2Fwp%2Fv2%2Ftags&post=5403"}],"curies":[{"name":"wp","href":"https:\/\/api.w.org\/{rel}","templated":true}]}}