{"id":5456,"date":"2026-09-01T14:37:52","date_gmt":"2026-09-01T12:37:52","guid":{"rendered":"https:\/\/www.lacalabria.net\/blog\/?p=5456"},"modified":"2026-09-01T14:37:53","modified_gmt":"2026-09-01T12:37:53","slug":"pentone-voglio-tornare","status":"publish","type":"post","link":"https:\/\/www.lacalabria.net\/blog\/?p=5456","title":{"rendered":"Pentone Voglio Tornare"},"content":{"rendered":"\n<p class=\"wp-block-paragraph\">Di Amerigo Marino<\/p>\n\n\n\n<figure class=\"wp-block-video\"><video height=\"480\" style=\"aspect-ratio: 853 \/ 480;\" width=\"853\" controls src=\"https:\/\/www.lacalabria.net\/blog\/wp-content\/uploads\/2026\/09\/canzone-amerigo.mp4\"><\/video><\/figure>\n\n\n<p style=\"text-align: justify;\">Ho realizzato questa canzone, con relativo video, per Pentone e per i pentonesi emigrati sperando di aver fatto un buon lavoro promozionale per il territorio. Volevo pubblicare questa canzone in occasione della presentazione del mio nuovo libro &#8220;Effemeride Pentonese&#8221; che parla della storia documentata della festa della Madonna di Termine che presenter\u00f2 giorno 8 settembre. Qualcuno mi ha consigliato di non aspettare fino a tale date, ma di pubblicarla cosi magari potr\u00e0 essere usata come sigla in qualche serata estiva. Naturalmente dovr\u00f2 dare il consenso. Ho pensato ai nostri turisti di ritorno. Per realizzare questo brano, dopo aver scritto il testo, ho creato la linea melodica per poi passare agli arrangiamenti con gli appositi software e usando la sintesi vocale. Se piace apprezzer\u00f2 i vostri commenti viceversa grazie lo stesso.<\/p>","protected":false},"excerpt":{"rendered":"<p>Di Amerigo Marino Ho realizzato questa canzone, con relativo video,<\/p>\n","protected":false},"author":1,"featured_media":5457,"comment_status":"open","ping_status":"open","sticky":false,"template":"","format":"standard","meta":{"footnotes":""},"categories":[151],"tags":[214,224,223],"class_list":["post-5456","post","type-post","status-publish","format-standard","has-post-thumbnail","hentry","category-testi-su-pentone","tag-214","tag-amerigo-marino","tag-canzoni-su-pentone"],"_links":{"self":[{"href":"https:\/\/www.lacalabria.net\/blog\/index.php?rest_route=\/wp\/v2\/posts\/5456","targetHints":{"allow":["GET"]}}],"collection":[{"href":"https:\/\/www.lacalabria.net\/blog\/index.php?rest_route=\/wp\/v2\/posts"}],"about":[{"href":"https:\/\/www.lacalabria.net\/blog\/index.php?rest_route=\/wp\/v2\/types\/post"}],"author":[{"embeddable":true,"href":"https:\/\/www.lacalabria.net\/blog\/index.php?rest_route=\/wp\/v2\/users\/1"}],"replies":[{"embeddable":true,"href":"https:\/\/www.lacalabria.net\/blog\/index.php?rest_route=%2Fwp%2Fv2%2Fcomments&post=5456"}],"version-history":[{"count":1,"href":"https:\/\/www.lacalabria.net\/blog\/index.php?rest_route=\/wp\/v2\/posts\/5456\/revisions"}],"predecessor-version":[{"id":5459,"href":"https:\/\/www.lacalabria.net\/blog\/index.php?rest_route=\/wp\/v2\/posts\/5456\/revisions\/5459"}],"wp:featuredmedia":[{"embeddable":true,"href":"https:\/\/www.lacalabria.net\/blog\/index.php?rest_route=\/wp\/v2\/media\/5457"}],"wp:attachment":[{"href":"https:\/\/www.lacalabria.net\/blog\/index.php?rest_route=%2Fwp%2Fv2%2Fmedia&parent=5456"}],"wp:term":[{"taxonomy":"category","embeddable":true,"href":"https:\/\/www.lacalabria.net\/blog\/index.php?rest_route=%2Fwp%2Fv2%2Fcategories&post=5456"},{"taxonomy":"post_tag","embeddable":true,"href":"https:\/\/www.lacalabria.net\/blog\/index.php?rest_route=%2Fwp%2Fv2%2Ftags&post=5456"}],"curies":[{"name":"wp","href":"https:\/\/api.w.org\/{rel}","templated":true}]}}